{"id":60,"date":"2016-11-02T19:33:58","date_gmt":"2016-11-02T18:33:58","guid":{"rendered":"http:\/\/lavendel.webtie.pl\/?p=60"},"modified":"2019-05-06T10:45:01","modified_gmt":"2019-05-06T08:45:01","slug":"lawenda-w-kuchni","status":"publish","type":"post","link":"https:\/\/lavendelnaturhaus.com\/de\/lawenda-w-kuchni\/","title":{"rendered":"Lawenda w kuchni"},"content":{"rendered":"<p class=\"qtranxs-available-languages-message qtranxs-available-languages-message-de\">Leider ist der Eintrag nur auf <a href=\"https:\/\/lavendelnaturhaus.com\/pl\/wp-json\/wp\/v2\/posts\/60\" class=\"qtranxs-available-language-link qtranxs-available-language-link-pl\" title=\"Polski\">Polnisch<\/a> verf\u00fcgbar.<\/p>","protected":false},"excerpt":{"rendered":"<p>Leider ist der Eintrag nur auf Polnisch verf\u00fcgbar.<\/p>\n","protected":false},"author":1,"featured_media":242,"comment_status":"open","ping_status":"open","sticky":false,"template":"","format":"standard","meta":{"footnotes":""},"categories":[1],"tags":[],"yoast_head":"<!-- This site is optimized with the Yoast SEO plugin v21.5 - https:\/\/yoast.com\/wordpress\/plugins\/seo\/ -->\n<title>Lawenda w kuchni - Lavendel Natur Haus - Czy lawenda jest jadalna?<\/title>\n<meta name=\"description\" content=\"Coraz cz\u0119\u015bciej lawend\u0119 mo\u017cna spotka\u0107 w kuchni. Dodaje si\u0119 j\u0105 do deser\u00f3w i wypiek\u00f3w. Z suszonych kwiat\u00f3w mo\u017cemy przygotowa\u0107 niezwykle aromatyczny cukier.\" \/>\n<meta name=\"robots\" content=\"index, follow, max-snippet:-1, max-image-preview:large, max-video-preview:-1\" \/>\n<link rel=\"canonical\" href=\"https:\/\/lavendelnaturhaus.com\/lawenda-w-kuchni\/\" \/>\n<meta property=\"og:locale\" content=\"de_DE\" \/>\n<meta property=\"og:type\" content=\"article\" \/>\n<meta property=\"og:title\" content=\"Lawenda w kuchni - Lavendel Natur Haus - Czy lawenda jest jadalna?\" \/>\n<meta property=\"og:description\" content=\"Coraz cz\u0119\u015bciej lawend\u0119 mo\u017cna spotka\u0107 w kuchni. Dodaje si\u0119 j\u0105 do deser\u00f3w i wypiek\u00f3w. Z suszonych kwiat\u00f3w mo\u017cemy przygotowa\u0107 niezwykle aromatyczny cukier.\" \/>\n<meta property=\"og:url\" content=\"https:\/\/lavendelnaturhaus.com\/lawenda-w-kuchni\/\" \/>\n<meta property=\"og:site_name\" content=\"Lavendel NaturHaus - plantacja lawendy \u2022 sklep internetowy z kosmetykami z lawendy\" \/>\n<meta property=\"article:published_time\" content=\"2016-11-02T18:33:58+00:00\" \/>\n<meta property=\"article:modified_time\" content=\"2019-05-06T08:45:01+00:00\" \/>\n<meta property=\"og:image\" content=\"https:\/\/lavendelnaturhaus.com\/wp-content\/uploads\/2016\/11\/8-1.jpg\" \/>\n\t<meta property=\"og:image:width\" content=\"1920\" \/>\n\t<meta property=\"og:image:height\" content=\"1280\" \/>\n\t<meta property=\"og:image:type\" content=\"image\/jpeg\" \/>\n<meta name=\"author\" content=\"admin\" \/>\n<meta name=\"twitter:card\" content=\"summary_large_image\" \/>\n<meta name=\"twitter:label1\" content=\"Verfasst von\" \/>\n\t<meta name=\"twitter:data1\" content=\"admin\" \/>\n\t<meta name=\"twitter:label2\" content=\"Gesch\u00e4tzte Lesezeit\" \/>\n\t<meta name=\"twitter:data2\" content=\"1\u00a0Minute\" \/>\n<script type=\"application\/ld+json\" class=\"yoast-schema-graph\">{\"@context\":\"https:\/\/schema.org\",\"@graph\":[{\"@type\":\"WebPage\",\"@id\":\"https:\/\/lavendelnaturhaus.com\/lawenda-w-kuchni\/\",\"url\":\"https:\/\/lavendelnaturhaus.com\/lawenda-w-kuchni\/\",\"name\":\"Lawenda w kuchni - Lavendel Natur Haus - Czy lawenda jest jadalna?\",\"isPartOf\":{\"@id\":\"https:\/\/lavendelnaturhaus.com\/#website\"},\"datePublished\":\"2016-11-02T18:33:58+00:00\",\"dateModified\":\"2019-05-06T08:45:01+00:00\",\"author\":{\"@id\":\"https:\/\/lavendelnaturhaus.com\/#\/schema\/person\/847ab663fe2677c78acf77fe3720faf0\"},\"description\":\"Coraz cz\u0119\u015bciej lawend\u0119 mo\u017cna spotka\u0107 w kuchni. Dodaje si\u0119 j\u0105 do deser\u00f3w i wypiek\u00f3w. Z suszonych kwiat\u00f3w mo\u017cemy przygotowa\u0107 niezwykle aromatyczny cukier.\",\"breadcrumb\":{\"@id\":\"https:\/\/lavendelnaturhaus.com\/lawenda-w-kuchni\/#breadcrumb\"},\"inLanguage\":\"de\",\"potentialAction\":[{\"@type\":\"ReadAction\",\"target\":[\"https:\/\/lavendelnaturhaus.com\/lawenda-w-kuchni\/\"]}]},{\"@type\":\"BreadcrumbList\",\"@id\":\"https:\/\/lavendelnaturhaus.com\/lawenda-w-kuchni\/#breadcrumb\",\"itemListElement\":[{\"@type\":\"ListItem\",\"position\":1,\"name\":\"Strona g\u0142\u00f3wna\",\"item\":\"https:\/\/lavendelnaturhaus.com\/\"},{\"@type\":\"ListItem\",\"position\":2,\"name\":\"Lawenda w kuchni\"}]},{\"@type\":\"WebSite\",\"@id\":\"https:\/\/lavendelnaturhaus.com\/#website\",\"url\":\"https:\/\/lavendelnaturhaus.com\/\",\"name\":\"Lavendel NaturHaus - plantacja lawendy \u2022 sklep internetowy z kosmetykami z lawendy\",\"description\":\"Zapraszamy do zapoznania si\u0119 z ofert\u0105 sklepu online, a tak\u017ce zach\u0119camy do odwiedzenia naszej plantacji lawendy.\",\"potentialAction\":[{\"@type\":\"SearchAction\",\"target\":{\"@type\":\"EntryPoint\",\"urlTemplate\":\"https:\/\/lavendelnaturhaus.com\/?s={search_term_string}\"},\"query-input\":\"required name=search_term_string\"}],\"inLanguage\":\"de\"},{\"@type\":\"Person\",\"@id\":\"https:\/\/lavendelnaturhaus.com\/#\/schema\/person\/847ab663fe2677c78acf77fe3720faf0\",\"name\":\"admin\",\"image\":{\"@type\":\"ImageObject\",\"inLanguage\":\"de\",\"@id\":\"https:\/\/lavendelnaturhaus.com\/#\/schema\/person\/image\/\",\"url\":\"https:\/\/secure.gravatar.com\/avatar\/b5bc9df074c3bbd9286b407972c3e15c?s=96&d=mm&r=g\",\"contentUrl\":\"https:\/\/secure.gravatar.com\/avatar\/b5bc9df074c3bbd9286b407972c3e15c?s=96&d=mm&r=g\",\"caption\":\"admin\"},\"url\":\"https:\/\/lavendelnaturhaus.com\/de\/author\/admin\/\"}]}<\/script>\n<!-- \/ Yoast SEO plugin. -->","yoast_head_json":{"title":"Lawenda w kuchni - Lavendel Natur Haus - Czy lawenda jest jadalna?","description":"Coraz cz\u0119\u015bciej lawend\u0119 mo\u017cna spotka\u0107 w kuchni. Dodaje si\u0119 j\u0105 do deser\u00f3w i wypiek\u00f3w. Z suszonych kwiat\u00f3w mo\u017cemy przygotowa\u0107 niezwykle aromatyczny cukier.","robots":{"index":"index","follow":"follow","max-snippet":"max-snippet:-1","max-image-preview":"max-image-preview:large","max-video-preview":"max-video-preview:-1"},"canonical":"https:\/\/lavendelnaturhaus.com\/lawenda-w-kuchni\/","og_locale":"de_DE","og_type":"article","og_title":"Lawenda w kuchni - Lavendel Natur Haus - Czy lawenda jest jadalna?","og_description":"Coraz cz\u0119\u015bciej lawend\u0119 mo\u017cna spotka\u0107 w kuchni. Dodaje si\u0119 j\u0105 do deser\u00f3w i wypiek\u00f3w. Z suszonych kwiat\u00f3w mo\u017cemy przygotowa\u0107 niezwykle aromatyczny cukier.","og_url":"https:\/\/lavendelnaturhaus.com\/lawenda-w-kuchni\/","og_site_name":"Lavendel NaturHaus - plantacja lawendy \u2022 sklep internetowy z kosmetykami z lawendy","article_published_time":"2016-11-02T18:33:58+00:00","article_modified_time":"2019-05-06T08:45:01+00:00","og_image":[{"width":1920,"height":1280,"url":"https:\/\/lavendelnaturhaus.com\/wp-content\/uploads\/2016\/11\/8-1.jpg","type":"image\/jpeg"}],"author":"admin","twitter_card":"summary_large_image","twitter_misc":{"Verfasst von":"admin","Gesch\u00e4tzte Lesezeit":"1\u00a0Minute"},"schema":{"@context":"https:\/\/schema.org","@graph":[{"@type":"WebPage","@id":"https:\/\/lavendelnaturhaus.com\/lawenda-w-kuchni\/","url":"https:\/\/lavendelnaturhaus.com\/lawenda-w-kuchni\/","name":"Lawenda w kuchni - Lavendel Natur Haus - Czy lawenda jest jadalna?","isPartOf":{"@id":"https:\/\/lavendelnaturhaus.com\/#website"},"datePublished":"2016-11-02T18:33:58+00:00","dateModified":"2019-05-06T08:45:01+00:00","author":{"@id":"https:\/\/lavendelnaturhaus.com\/#\/schema\/person\/847ab663fe2677c78acf77fe3720faf0"},"description":"Coraz cz\u0119\u015bciej lawend\u0119 mo\u017cna spotka\u0107 w kuchni. Dodaje si\u0119 j\u0105 do deser\u00f3w i wypiek\u00f3w. Z suszonych kwiat\u00f3w mo\u017cemy przygotowa\u0107 niezwykle aromatyczny cukier.","breadcrumb":{"@id":"https:\/\/lavendelnaturhaus.com\/lawenda-w-kuchni\/#breadcrumb"},"inLanguage":"de","potentialAction":[{"@type":"ReadAction","target":["https:\/\/lavendelnaturhaus.com\/lawenda-w-kuchni\/"]}]},{"@type":"BreadcrumbList","@id":"https:\/\/lavendelnaturhaus.com\/lawenda-w-kuchni\/#breadcrumb","itemListElement":[{"@type":"ListItem","position":1,"name":"Strona g\u0142\u00f3wna","item":"https:\/\/lavendelnaturhaus.com\/"},{"@type":"ListItem","position":2,"name":"Lawenda w kuchni"}]},{"@type":"WebSite","@id":"https:\/\/lavendelnaturhaus.com\/#website","url":"https:\/\/lavendelnaturhaus.com\/","name":"Lavendel NaturHaus - plantacja lawendy \u2022 sklep internetowy z kosmetykami z lawendy","description":"Zapraszamy do zapoznania si\u0119 z ofert\u0105 sklepu online, a tak\u017ce zach\u0119camy do odwiedzenia naszej plantacji lawendy.","potentialAction":[{"@type":"SearchAction","target":{"@type":"EntryPoint","urlTemplate":"https:\/\/lavendelnaturhaus.com\/?s={search_term_string}"},"query-input":"required name=search_term_string"}],"inLanguage":"de"},{"@type":"Person","@id":"https:\/\/lavendelnaturhaus.com\/#\/schema\/person\/847ab663fe2677c78acf77fe3720faf0","name":"admin","image":{"@type":"ImageObject","inLanguage":"de","@id":"https:\/\/lavendelnaturhaus.com\/#\/schema\/person\/image\/","url":"https:\/\/secure.gravatar.com\/avatar\/b5bc9df074c3bbd9286b407972c3e15c?s=96&d=mm&r=g","contentUrl":"https:\/\/secure.gravatar.com\/avatar\/b5bc9df074c3bbd9286b407972c3e15c?s=96&d=mm&r=g","caption":"admin"},"url":"https:\/\/lavendelnaturhaus.com\/de\/author\/admin\/"}]}},"_links":{"self":[{"href":"https:\/\/lavendelnaturhaus.com\/de\/wp-json\/wp\/v2\/posts\/60"}],"collection":[{"href":"https:\/\/lavendelnaturhaus.com\/de\/wp-json\/wp\/v2\/posts"}],"about":[{"href":"https:\/\/lavendelnaturhaus.com\/de\/wp-json\/wp\/v2\/types\/post"}],"author":[{"embeddable":true,"href":"https:\/\/lavendelnaturhaus.com\/de\/wp-json\/wp\/v2\/users\/1"}],"replies":[{"embeddable":true,"href":"https:\/\/lavendelnaturhaus.com\/de\/wp-json\/wp\/v2\/comments?post=60"}],"version-history":[{"count":5,"href":"https:\/\/lavendelnaturhaus.com\/de\/wp-json\/wp\/v2\/posts\/60\/revisions"}],"predecessor-version":[{"id":1023,"href":"https:\/\/lavendelnaturhaus.com\/de\/wp-json\/wp\/v2\/posts\/60\/revisions\/1023"}],"wp:featuredmedia":[{"embeddable":true,"href":"https:\/\/lavendelnaturhaus.com\/de\/wp-json\/wp\/v2\/media\/242"}],"wp:attachment":[{"href":"https:\/\/lavendelnaturhaus.com\/de\/wp-json\/wp\/v2\/media?parent=60"}],"wp:term":[{"taxonomy":"category","embeddable":true,"href":"https:\/\/lavendelnaturhaus.com\/de\/wp-json\/wp\/v2\/categories?post=60"},{"taxonomy":"post_tag","embeddable":true,"href":"https:\/\/lavendelnaturhaus.com\/de\/wp-json\/wp\/v2\/tags?post=60"}],"curies":[{"name":"wp","href":"https:\/\/api.w.org\/{rel}","templated":true}]}}